{"id":3285,"date":"2019-01-01T13:19:21","date_gmt":"2019-01-01T15:19:21","guid":{"rendered":"https:\/\/www.amesa.com.br\/?p=3285"},"modified":"2025-06-01T17:46:50","modified_gmt":"2025-06-01T20:46:50","slug":"torta-de-brocolis-com-bacon-e-requeijao","status":"publish","type":"post","link":"http:\/\/amesa.com.br\/index.php\/2019\/01\/01\/torta-de-brocolis-com-bacon-e-requeijao\/","title":{"rendered":"Torta de Br\u00f3colis com Bacon e Requeij\u00e3o"},"content":{"rendered":"<p>Pr\u00e1tica receita de uma torta salgada de br\u00f3colis com bacon e requeij\u00e3o. Muito f\u00e1cil de fazer, com poucos ingredientes e simplesmente deliciosa.<!--more--><\/p>\n<p style=\"text-align: justify;\"><strong>Ingredientes<\/strong>:<\/p>\n<ul style=\"text-align: justify;\">\n<li>1 cabe\u00e7a de br\u00f3colis<\/li>\n<li>200 g bacon picado<\/li>\n<li>1 cebola picada<\/li>\n<li>3 dentes de alho picados<\/li>\n<li>1 colher (sopa) de fermento em p\u00f3<\/li>\n<li>2 x\u00edcaras de farinha de trigo<\/li>\n<li>1 x\u00edcara de leite<\/li>\n<li>3 ovos<\/li>\n<li>1 x\u00edcara de \u00f3leo<\/li>\n<li>200 g de queijo lanche<\/li>\n<li>1 copo de requeij\u00e3o cremoso<\/li>\n<li>sal a gosto<\/li>\n<\/ul>\n<p style=\"text-align: justify;\"><strong>Modo de Preparar:<\/strong><\/p>\n<ul style=\"text-align: justify;\">\n<li style=\"text-align: justify;\">Comece dourando o bacon na pr\u00f3pria gordura. Depois de dourado acrescente a\u00a0cebola picada e o alho, mexendo bem. Por fim junte o br\u00f3colis, misture bem, deixe cozinhar e reserve.<\/li>\n<li style=\"text-align: justify;\">No liquidificador junte o leite, o \u00f3leo, os ovos, a farinha de trigo e sal a gosto. Bata at\u00e9 homogenizar, acrescente o fermento e bata mais um pouco.<\/li>\n<li style=\"text-align: justify;\">Unte com \u00f3leo uma assadeira refrat\u00e1ria. Despeje metade da massa, espalhe o recheio e cubra com o restante da massa.<\/li>\n<li style=\"text-align: justify;\">Espalhe por cima colheradas do requeij\u00e3o cremoso e para finalizar o queijo lanche ralado.<\/li>\n<li style=\"text-align: justify;\">Leve ao forno at\u00e9 dourar.<\/li>\n<\/ul>\n<p style=\"text-align: justify;\"><span style=\"color: #008080;\"><span style=\"color: #cc3300;\">Para ver o preparo em detalhes assista o v\u00eddeo que preparamos para voc\u00ea. N\u00e3o esque\u00e7a de dar like no v\u00eddeo e inscrever-se no canal para n\u00e3o perder nossas pr\u00f3ximas receitas.<\/span>\u00a0<\/span><\/p>\n<p style=\"text-align: justify;\"><a href=\"https:\/\/www.youtube.com\/watch?v=x8sUUyjuVhE\"><img loading=\"lazy\" decoding=\"async\" class=\"alignnone size-full wp-image-3286\" src=\"http:\/\/amesa.com.br\/wp-content\/uploads\/2019\/01\/video-receita-torta-brocolis-bacon-requeijao-1.jpg\" alt=\"video receita torta brocolis bacon requeijao\" width=\"246\" height=\"138\" \/><\/a><\/p>\n<p><script src=\"https:\/\/apis.google.com\/js\/platform.js\"><\/script><\/p>\n<div class=\"g-ytsubscribe\" data-channelid=\"UCrFksvQpkBVK7qenHO9aeCA\" data-layout=\"full\" data-count=\"hidden\"><\/div>\n","protected":false},"excerpt":{"rendered":"<p>Pr\u00e1tica receita de uma torta salgada de br\u00f3colis com bacon e requeij\u00e3o. Muito f\u00e1cil de fazer, com poucos ingredientes e simplesmente deliciosa.<\/p>\n","protected":false},"author":2,"featured_media":3287,"comment_status":"closed","ping_status":"open","sticky":false,"template":"","format":"standard","meta":{"wprm-recipe-roundup-name":"","wprm-recipe-roundup-description":"","footnotes":""},"categories":[19,57],"tags":[122,159,610,672,678],"class_list":["post-3285","post","type-post","status-publish","format-standard","has-post-thumbnail","hentry","category-acompanhamentos","category-tortas-de-liquidificador","tag-bacon","tag-brocolis","tag-requeijao","tag-torta-de-liquidificador","tag-torta-salgada","entry","has-more-link"],"yoast_head":"<!-- This site is optimized with the Yoast SEO plugin v27.5 - https:\/\/yoast.com\/product\/yoast-seo-wordpress\/ -->\n<title>Torta de Br\u00f3colis com Bacon e Requeij\u00e3o - \u00c0 Mesa<\/title>\n<meta name=\"robots\" content=\"index, follow, max-snippet:-1, max-image-preview:large, max-video-preview:-1\" \/>\n<link rel=\"canonical\" href=\"http:\/\/amesa.com.br\/index.php\/2019\/01\/01\/torta-de-brocolis-com-bacon-e-requeijao\/\" \/>\n<meta property=\"og:locale\" content=\"pt_BR\" \/>\n<meta property=\"og:type\" content=\"article\" \/>\n<meta property=\"og:title\" content=\"Torta de Br\u00f3colis com Bacon e Requeij\u00e3o - \u00c0 Mesa\" \/>\n<meta property=\"og:description\" content=\"Pr\u00e1tica receita de uma torta salgada de br\u00f3colis com bacon e requeij\u00e3o. Muito f\u00e1cil de fazer, com poucos ingredientes e simplesmente deliciosa.\" \/>\n<meta property=\"og:url\" content=\"http:\/\/amesa.com.br\/index.php\/2019\/01\/01\/torta-de-brocolis-com-bacon-e-requeijao\/\" \/>\n<meta property=\"og:site_name\" content=\"\u00c0 Mesa\" \/>\n<meta property=\"article:publisher\" content=\"https:\/\/www.facebook.com\/amesagastronomia\" \/>\n<meta property=\"article:author\" content=\"https:\/\/www.facebook.com\/amesagastronomia\" \/>\n<meta property=\"article:published_time\" content=\"2019-01-01T15:19:21+00:00\" \/>\n<meta property=\"article:modified_time\" content=\"2025-06-01T20:46:50+00:00\" \/>\n<meta name=\"author\" content=\"A Mesa Gastronomia\" \/>\n<meta name=\"twitter:card\" content=\"summary_large_image\" \/>\n<meta name=\"twitter:creator\" content=\"@https:\/\/twitter.com\/siteamesa\" \/>\n<meta name=\"twitter:site\" content=\"@siteamesa\" \/>\n<meta name=\"twitter:label1\" content=\"Escrito por\" \/>\n\t<meta name=\"twitter:data1\" content=\"A Mesa Gastronomia\" \/>\n\t<meta name=\"twitter:label2\" content=\"Est. tempo de leitura\" \/>\n\t<meta name=\"twitter:data2\" content=\"1 minuto\" \/>\n<script type=\"application\/ld+json\" class=\"yoast-schema-graph\">{\"@context\":\"https:\\\/\\\/schema.org\",\"@graph\":[{\"@type\":\"Article\",\"@id\":\"http:\\\/\\\/amesa.com.br\\\/index.php\\\/2019\\\/01\\\/01\\\/torta-de-brocolis-com-bacon-e-requeijao\\\/#article\",\"isPartOf\":{\"@id\":\"http:\\\/\\\/amesa.com.br\\\/index.php\\\/2019\\\/01\\\/01\\\/torta-de-brocolis-com-bacon-e-requeijao\\\/\"},\"author\":{\"name\":\"A Mesa Gastronomia\",\"@id\":\"https:\\\/\\\/amesa.com.br\\\/#\\\/schema\\\/person\\\/b5a9184f189ac6e108078bc92e4336fc\"},\"headline\":\"Torta de Br\u00f3colis com Bacon e Requeij\u00e3o\",\"datePublished\":\"2019-01-01T15:19:21+00:00\",\"dateModified\":\"2025-06-01T20:46:50+00:00\",\"mainEntityOfPage\":{\"@id\":\"http:\\\/\\\/amesa.com.br\\\/index.php\\\/2019\\\/01\\\/01\\\/torta-de-brocolis-com-bacon-e-requeijao\\\/\"},\"wordCount\":223,\"publisher\":{\"@id\":\"https:\\\/\\\/amesa.com.br\\\/#organization\"},\"image\":{\"@id\":\"http:\\\/\\\/amesa.com.br\\\/index.php\\\/2019\\\/01\\\/01\\\/torta-de-brocolis-com-bacon-e-requeijao\\\/#primaryimage\"},\"thumbnailUrl\":\"\",\"keywords\":[\"bacon\",\"br\u00f3colis\",\"requeij\u00e3o\",\"torta de liquidificador\",\"torta salgada\"],\"articleSection\":[\"Acompanhamentos\",\"tortas de liquidificador\"],\"inLanguage\":\"pt-BR\"},{\"@type\":\"WebPage\",\"@id\":\"http:\\\/\\\/amesa.com.br\\\/index.php\\\/2019\\\/01\\\/01\\\/torta-de-brocolis-com-bacon-e-requeijao\\\/\",\"url\":\"http:\\\/\\\/amesa.com.br\\\/index.php\\\/2019\\\/01\\\/01\\\/torta-de-brocolis-com-bacon-e-requeijao\\\/\",\"name\":\"Torta de Br\u00f3colis com Bacon e Requeij\u00e3o - \u00c0 Mesa\",\"isPartOf\":{\"@id\":\"https:\\\/\\\/amesa.com.br\\\/#website\"},\"primaryImageOfPage\":{\"@id\":\"http:\\\/\\\/amesa.com.br\\\/index.php\\\/2019\\\/01\\\/01\\\/torta-de-brocolis-com-bacon-e-requeijao\\\/#primaryimage\"},\"image\":{\"@id\":\"http:\\\/\\\/amesa.com.br\\\/index.php\\\/2019\\\/01\\\/01\\\/torta-de-brocolis-com-bacon-e-requeijao\\\/#primaryimage\"},\"thumbnailUrl\":\"\",\"datePublished\":\"2019-01-01T15:19:21+00:00\",\"dateModified\":\"2025-06-01T20:46:50+00:00\",\"breadcrumb\":{\"@id\":\"http:\\\/\\\/amesa.com.br\\\/index.php\\\/2019\\\/01\\\/01\\\/torta-de-brocolis-com-bacon-e-requeijao\\\/#breadcrumb\"},\"inLanguage\":\"pt-BR\",\"potentialAction\":[{\"@type\":\"ReadAction\",\"target\":[\"http:\\\/\\\/amesa.com.br\\\/index.php\\\/2019\\\/01\\\/01\\\/torta-de-brocolis-com-bacon-e-requeijao\\\/\"]}]},{\"@type\":\"ImageObject\",\"inLanguage\":\"pt-BR\",\"@id\":\"http:\\\/\\\/amesa.com.br\\\/index.php\\\/2019\\\/01\\\/01\\\/torta-de-brocolis-com-bacon-e-requeijao\\\/#primaryimage\",\"url\":\"\",\"contentUrl\":\"\"},{\"@type\":\"BreadcrumbList\",\"@id\":\"http:\\\/\\\/amesa.com.br\\\/index.php\\\/2019\\\/01\\\/01\\\/torta-de-brocolis-com-bacon-e-requeijao\\\/#breadcrumb\",\"itemListElement\":[{\"@type\":\"ListItem\",\"position\":1,\"name\":\"Home\",\"item\":\"https:\\\/\\\/amesa.com.br\\\/\"},{\"@type\":\"ListItem\",\"position\":2,\"name\":\"Torta de Br\u00f3colis com Bacon e Requeij\u00e3o\"}]},{\"@type\":\"WebSite\",\"@id\":\"https:\\\/\\\/amesa.com.br\\\/#website\",\"url\":\"https:\\\/\\\/amesa.com.br\\\/\",\"name\":\"A Mesa Gastronomia\",\"description\":\"Culin\u00e1ria e Gastronomia\",\"publisher\":{\"@id\":\"https:\\\/\\\/amesa.com.br\\\/#organization\"},\"potentialAction\":[{\"@type\":\"SearchAction\",\"target\":{\"@type\":\"EntryPoint\",\"urlTemplate\":\"https:\\\/\\\/amesa.com.br\\\/?s={search_term_string}\"},\"query-input\":{\"@type\":\"PropertyValueSpecification\",\"valueRequired\":true,\"valueName\":\"search_term_string\"}}],\"inLanguage\":\"pt-BR\"},{\"@type\":\"Organization\",\"@id\":\"https:\\\/\\\/amesa.com.br\\\/#organization\",\"name\":\"A Mesa Gastronomia\",\"url\":\"https:\\\/\\\/amesa.com.br\\\/\",\"logo\":{\"@type\":\"ImageObject\",\"inLanguage\":\"pt-BR\",\"@id\":\"https:\\\/\\\/amesa.com.br\\\/#\\\/schema\\\/logo\\\/image\\\/\",\"url\":\"http:\\\/\\\/amesa.com.br\\\/wp-content\\\/uploads\\\/2025\\\/06\\\/cropped-logo_ams.png\",\"contentUrl\":\"http:\\\/\\\/amesa.com.br\\\/wp-content\\\/uploads\\\/2025\\\/06\\\/cropped-logo_ams.png\",\"width\":277,\"height\":92,\"caption\":\"A Mesa Gastronomia\"},\"image\":{\"@id\":\"https:\\\/\\\/amesa.com.br\\\/#\\\/schema\\\/logo\\\/image\\\/\"},\"sameAs\":[\"https:\\\/\\\/www.facebook.com\\\/amesagastronomia\",\"https:\\\/\\\/x.com\\\/siteamesa\"]},{\"@type\":\"Person\",\"@id\":\"https:\\\/\\\/amesa.com.br\\\/#\\\/schema\\\/person\\\/b5a9184f189ac6e108078bc92e4336fc\",\"name\":\"A Mesa Gastronomia\",\"image\":{\"@type\":\"ImageObject\",\"inLanguage\":\"pt-BR\",\"@id\":\"https:\\\/\\\/secure.gravatar.com\\\/avatar\\\/6bdf2e9b5e2a2cc6d728647c78ec0c48a670cf6d3e8fe09f51ee5a31f429a5c5?s=96&d=mm&r=g\",\"url\":\"https:\\\/\\\/secure.gravatar.com\\\/avatar\\\/6bdf2e9b5e2a2cc6d728647c78ec0c48a670cf6d3e8fe09f51ee5a31f429a5c5?s=96&d=mm&r=g\",\"contentUrl\":\"https:\\\/\\\/secure.gravatar.com\\\/avatar\\\/6bdf2e9b5e2a2cc6d728647c78ec0c48a670cf6d3e8fe09f51ee5a31f429a5c5?s=96&d=mm&r=g\",\"caption\":\"A Mesa Gastronomia\"},\"sameAs\":[\"https:\\\/\\\/www.facebook.com\\\/amesagastronomia\",\"https:\\\/\\\/x.com\\\/https:\\\/\\\/twitter.com\\\/siteamesa\",\"https:\\\/\\\/www.youtube.com\\\/trivialvariado\"],\"url\":\"http:\\\/\\\/amesa.com.br\\\/index.php\\\/author\\\/mmd\\\/\"}]}<\/script>\n<!-- \/ Yoast SEO plugin. -->","yoast_head_json":{"title":"Torta de Br\u00f3colis com Bacon e Requeij\u00e3o - \u00c0 Mesa","robots":{"index":"index","follow":"follow","max-snippet":"max-snippet:-1","max-image-preview":"max-image-preview:large","max-video-preview":"max-video-preview:-1"},"canonical":"http:\/\/amesa.com.br\/index.php\/2019\/01\/01\/torta-de-brocolis-com-bacon-e-requeijao\/","og_locale":"pt_BR","og_type":"article","og_title":"Torta de Br\u00f3colis com Bacon e Requeij\u00e3o - \u00c0 Mesa","og_description":"Pr\u00e1tica receita de uma torta salgada de br\u00f3colis com bacon e requeij\u00e3o. Muito f\u00e1cil de fazer, com poucos ingredientes e simplesmente deliciosa.","og_url":"http:\/\/amesa.com.br\/index.php\/2019\/01\/01\/torta-de-brocolis-com-bacon-e-requeijao\/","og_site_name":"\u00c0 Mesa","article_publisher":"https:\/\/www.facebook.com\/amesagastronomia","article_author":"https:\/\/www.facebook.com\/amesagastronomia","article_published_time":"2019-01-01T15:19:21+00:00","article_modified_time":"2025-06-01T20:46:50+00:00","author":"A Mesa Gastronomia","twitter_card":"summary_large_image","twitter_creator":"@https:\/\/twitter.com\/siteamesa","twitter_site":"@siteamesa","twitter_misc":{"Escrito por":"A Mesa Gastronomia","Est. tempo de leitura":"1 minuto"},"schema":{"@context":"https:\/\/schema.org","@graph":[{"@type":"Article","@id":"http:\/\/amesa.com.br\/index.php\/2019\/01\/01\/torta-de-brocolis-com-bacon-e-requeijao\/#article","isPartOf":{"@id":"http:\/\/amesa.com.br\/index.php\/2019\/01\/01\/torta-de-brocolis-com-bacon-e-requeijao\/"},"author":{"name":"A Mesa Gastronomia","@id":"https:\/\/amesa.com.br\/#\/schema\/person\/b5a9184f189ac6e108078bc92e4336fc"},"headline":"Torta de Br\u00f3colis com Bacon e Requeij\u00e3o","datePublished":"2019-01-01T15:19:21+00:00","dateModified":"2025-06-01T20:46:50+00:00","mainEntityOfPage":{"@id":"http:\/\/amesa.com.br\/index.php\/2019\/01\/01\/torta-de-brocolis-com-bacon-e-requeijao\/"},"wordCount":223,"publisher":{"@id":"https:\/\/amesa.com.br\/#organization"},"image":{"@id":"http:\/\/amesa.com.br\/index.php\/2019\/01\/01\/torta-de-brocolis-com-bacon-e-requeijao\/#primaryimage"},"thumbnailUrl":"","keywords":["bacon","br\u00f3colis","requeij\u00e3o","torta de liquidificador","torta salgada"],"articleSection":["Acompanhamentos","tortas de liquidificador"],"inLanguage":"pt-BR"},{"@type":"WebPage","@id":"http:\/\/amesa.com.br\/index.php\/2019\/01\/01\/torta-de-brocolis-com-bacon-e-requeijao\/","url":"http:\/\/amesa.com.br\/index.php\/2019\/01\/01\/torta-de-brocolis-com-bacon-e-requeijao\/","name":"Torta de Br\u00f3colis com Bacon e Requeij\u00e3o - \u00c0 Mesa","isPartOf":{"@id":"https:\/\/amesa.com.br\/#website"},"primaryImageOfPage":{"@id":"http:\/\/amesa.com.br\/index.php\/2019\/01\/01\/torta-de-brocolis-com-bacon-e-requeijao\/#primaryimage"},"image":{"@id":"http:\/\/amesa.com.br\/index.php\/2019\/01\/01\/torta-de-brocolis-com-bacon-e-requeijao\/#primaryimage"},"thumbnailUrl":"","datePublished":"2019-01-01T15:19:21+00:00","dateModified":"2025-06-01T20:46:50+00:00","breadcrumb":{"@id":"http:\/\/amesa.com.br\/index.php\/2019\/01\/01\/torta-de-brocolis-com-bacon-e-requeijao\/#breadcrumb"},"inLanguage":"pt-BR","potentialAction":[{"@type":"ReadAction","target":["http:\/\/amesa.com.br\/index.php\/2019\/01\/01\/torta-de-brocolis-com-bacon-e-requeijao\/"]}]},{"@type":"ImageObject","inLanguage":"pt-BR","@id":"http:\/\/amesa.com.br\/index.php\/2019\/01\/01\/torta-de-brocolis-com-bacon-e-requeijao\/#primaryimage","url":"","contentUrl":""},{"@type":"BreadcrumbList","@id":"http:\/\/amesa.com.br\/index.php\/2019\/01\/01\/torta-de-brocolis-com-bacon-e-requeijao\/#breadcrumb","itemListElement":[{"@type":"ListItem","position":1,"name":"Home","item":"https:\/\/amesa.com.br\/"},{"@type":"ListItem","position":2,"name":"Torta de Br\u00f3colis com Bacon e Requeij\u00e3o"}]},{"@type":"WebSite","@id":"https:\/\/amesa.com.br\/#website","url":"https:\/\/amesa.com.br\/","name":"A Mesa Gastronomia","description":"Culin\u00e1ria e Gastronomia","publisher":{"@id":"https:\/\/amesa.com.br\/#organization"},"potentialAction":[{"@type":"SearchAction","target":{"@type":"EntryPoint","urlTemplate":"https:\/\/amesa.com.br\/?s={search_term_string}"},"query-input":{"@type":"PropertyValueSpecification","valueRequired":true,"valueName":"search_term_string"}}],"inLanguage":"pt-BR"},{"@type":"Organization","@id":"https:\/\/amesa.com.br\/#organization","name":"A Mesa Gastronomia","url":"https:\/\/amesa.com.br\/","logo":{"@type":"ImageObject","inLanguage":"pt-BR","@id":"https:\/\/amesa.com.br\/#\/schema\/logo\/image\/","url":"http:\/\/amesa.com.br\/wp-content\/uploads\/2025\/06\/cropped-logo_ams.png","contentUrl":"http:\/\/amesa.com.br\/wp-content\/uploads\/2025\/06\/cropped-logo_ams.png","width":277,"height":92,"caption":"A Mesa Gastronomia"},"image":{"@id":"https:\/\/amesa.com.br\/#\/schema\/logo\/image\/"},"sameAs":["https:\/\/www.facebook.com\/amesagastronomia","https:\/\/x.com\/siteamesa"]},{"@type":"Person","@id":"https:\/\/amesa.com.br\/#\/schema\/person\/b5a9184f189ac6e108078bc92e4336fc","name":"A Mesa Gastronomia","image":{"@type":"ImageObject","inLanguage":"pt-BR","@id":"https:\/\/secure.gravatar.com\/avatar\/6bdf2e9b5e2a2cc6d728647c78ec0c48a670cf6d3e8fe09f51ee5a31f429a5c5?s=96&d=mm&r=g","url":"https:\/\/secure.gravatar.com\/avatar\/6bdf2e9b5e2a2cc6d728647c78ec0c48a670cf6d3e8fe09f51ee5a31f429a5c5?s=96&d=mm&r=g","contentUrl":"https:\/\/secure.gravatar.com\/avatar\/6bdf2e9b5e2a2cc6d728647c78ec0c48a670cf6d3e8fe09f51ee5a31f429a5c5?s=96&d=mm&r=g","caption":"A Mesa Gastronomia"},"sameAs":["https:\/\/www.facebook.com\/amesagastronomia","https:\/\/x.com\/https:\/\/twitter.com\/siteamesa","https:\/\/www.youtube.com\/trivialvariado"],"url":"http:\/\/amesa.com.br\/index.php\/author\/mmd\/"}]}},"_links":{"self":[{"href":"http:\/\/amesa.com.br\/index.php\/wp-json\/wp\/v2\/posts\/3285","targetHints":{"allow":["GET"]}}],"collection":[{"href":"http:\/\/amesa.com.br\/index.php\/wp-json\/wp\/v2\/posts"}],"about":[{"href":"http:\/\/amesa.com.br\/index.php\/wp-json\/wp\/v2\/types\/post"}],"author":[{"embeddable":true,"href":"http:\/\/amesa.com.br\/index.php\/wp-json\/wp\/v2\/users\/2"}],"replies":[{"embeddable":true,"href":"http:\/\/amesa.com.br\/index.php\/wp-json\/wp\/v2\/comments?post=3285"}],"version-history":[{"count":1,"href":"http:\/\/amesa.com.br\/index.php\/wp-json\/wp\/v2\/posts\/3285\/revisions"}],"predecessor-version":[{"id":3460,"href":"http:\/\/amesa.com.br\/index.php\/wp-json\/wp\/v2\/posts\/3285\/revisions\/3460"}],"wp:featuredmedia":[{"embeddable":true,"href":"http:\/\/amesa.com.br\/index.php\/wp-json\/"}],"wp:attachment":[{"href":"http:\/\/amesa.com.br\/index.php\/wp-json\/wp\/v2\/media?parent=3285"}],"wp:term":[{"taxonomy":"category","embeddable":true,"href":"http:\/\/amesa.com.br\/index.php\/wp-json\/wp\/v2\/categories?post=3285"},{"taxonomy":"post_tag","embeddable":true,"href":"http:\/\/amesa.com.br\/index.php\/wp-json\/wp\/v2\/tags?post=3285"}],"curies":[{"name":"wp","href":"https:\/\/api.w.org\/{rel}","templated":true}]}}