{"id":306,"date":"2009-09-24T21:16:50","date_gmt":"2009-09-25T00:16:50","guid":{"rendered":"http:\/\/agenciaguia.com.br\/testeblog\/?p=306"},"modified":"2009-09-24T21:16:50","modified_gmt":"2009-09-25T00:16:50","slug":"camarao-no-coco-verde","status":"publish","type":"post","link":"https:\/\/amesa.com.br\/index.php\/2009\/09\/24\/camarao-no-coco-verde\/","title":{"rendered":"Camar\u00e3o no Coco Verde"},"content":{"rendered":"<p style=\"text-align: justify;\"><strong>Ingredientes<\/strong><\/p>\n<ul style=\"text-align: justify;\">\n<li>1\/2 kg de camar\u00f5es rosa m\u00e9dios limpos<\/li>\n<li>1 coco verde<\/li>\n<li>1 lim\u00e3o<\/li>\n<li>1 colher (sopa) de manteiga<\/li>\n<li>2 colheres (sopa) de leite de coco<\/li>\n<li>2 colheres (sopa) de farinha de trigo<\/li>\n<li>sal, salsa e pimenta vermelha a gosto<\/li>\n<li>4 x\u00edcara (ch\u00e1) de arroz branco cozido<\/li>\n<li>1 manga cortada em cubos<\/li>\n<li>1 colher (sopa) de manteiga<\/li>\n<\/ul>\n<p style=\"text-align: justify;\"><strong>Modo de Preparar<\/strong><\/p>\n<p style=\"text-align: justify;\">Retire a \u00e1gua do coco e reserve. Abra-o ao meio, passe lim\u00e3o na polpa e retire-a com uma colher. Reserve. Passe os camar\u00f5es na farinha, aque\u00e7a a manteiga e refogue-os por 2 minutos. Junte a \u00e1gua-de-coco, espere engrossar ligeiramente e acrescente a salsa, o leite de coco e a pimenta. Deixe ferver e reserve. Para o arroz, aque\u00e7a a manteiga e refogue a manga. Junte o arroz e mexa delicadamente. Monte o prato no coco, coloque em uma metade o camar\u00e3o e na outra o arroz.<\/p>\n<p style=\"text-align: justify;\"><em>Rendimento: 4 por\u00e7\u00f5es<\/em><\/p>\n","protected":false},"excerpt":{"rendered":"<p>Ingredientes 1\/2 kg de camar\u00f5es rosa m\u00e9dios limpos 1 coco verde 1 lim\u00e3o 1 colher (sopa) de manteiga 2 colheres (sopa) de leite de coco 2 colheres (sopa) de farinha de trigo sal, salsa e pimenta vermelha a gosto 4 x\u00edcara (ch\u00e1) de arroz branco cozido 1 manga cortada em cubos 1 colher (sopa) de &hellip; <\/p>\n","protected":false},"author":2,"featured_media":0,"comment_status":"open","ping_status":"open","sticky":false,"template":"","format":"standard","meta":{"wprm-recipe-roundup-name":"","wprm-recipe-roundup-description":"","footnotes":""},"categories":[35],"tags":[104,177,241,363,417,443],"class_list":["post-306","post","type-post","status-publish","format-standard","hentry","category-frutos-do-mar","tag-arroz","tag-camarao","tag-coco-verde","tag-frutos-do-mar","tag-leite-de-coco","tag-manga","entry"],"yoast_head":"<!-- This site is optimized with the Yoast SEO plugin v27.4 - https:\/\/yoast.com\/product\/yoast-seo-wordpress\/ -->\n<title>Camar\u00e3o no Coco Verde - \u00c0 Mesa<\/title>\n<meta name=\"robots\" content=\"index, follow, max-snippet:-1, max-image-preview:large, max-video-preview:-1\" \/>\n<link rel=\"canonical\" href=\"https:\/\/amesa.com.br\/index.php\/2009\/09\/24\/camarao-no-coco-verde\/\" \/>\n<meta property=\"og:locale\" content=\"pt_BR\" \/>\n<meta property=\"og:type\" content=\"article\" \/>\n<meta property=\"og:title\" content=\"Camar\u00e3o no Coco Verde - \u00c0 Mesa\" \/>\n<meta property=\"og:description\" content=\"Ingredientes 1\/2 kg de camar\u00f5es rosa m\u00e9dios limpos 1 coco verde 1 lim\u00e3o 1 colher (sopa) de manteiga 2 colheres (sopa) de leite de coco 2 colheres (sopa) de farinha de trigo sal, salsa e pimenta vermelha a gosto 4 x\u00edcara (ch\u00e1) de arroz branco cozido 1 manga cortada em cubos 1 colher (sopa) de &hellip;\" \/>\n<meta property=\"og:url\" content=\"https:\/\/amesa.com.br\/index.php\/2009\/09\/24\/camarao-no-coco-verde\/\" \/>\n<meta property=\"og:site_name\" content=\"\u00c0 Mesa\" \/>\n<meta property=\"article:publisher\" content=\"https:\/\/www.facebook.com\/amesagastronomia\" \/>\n<meta property=\"article:author\" content=\"https:\/\/www.facebook.com\/amesagastronomia\" \/>\n<meta property=\"article:published_time\" content=\"2009-09-25T00:16:50+00:00\" \/>\n<meta name=\"author\" content=\"A Mesa Gastronomia\" \/>\n<meta name=\"twitter:card\" content=\"summary_large_image\" \/>\n<meta name=\"twitter:creator\" content=\"@https:\/\/twitter.com\/siteamesa\" \/>\n<meta name=\"twitter:site\" content=\"@siteamesa\" \/>\n<meta name=\"twitter:label1\" content=\"Escrito por\" \/>\n\t<meta name=\"twitter:data1\" content=\"A Mesa Gastronomia\" \/>\n\t<meta name=\"twitter:label2\" content=\"Est. tempo de leitura\" \/>\n\t<meta name=\"twitter:data2\" content=\"1 minuto\" \/>\n<script type=\"application\/ld+json\" class=\"yoast-schema-graph\">{\"@context\":\"https:\\\/\\\/schema.org\",\"@graph\":[{\"@type\":\"Article\",\"@id\":\"https:\\\/\\\/amesa.com.br\\\/index.php\\\/2009\\\/09\\\/24\\\/camarao-no-coco-verde\\\/#article\",\"isPartOf\":{\"@id\":\"https:\\\/\\\/amesa.com.br\\\/index.php\\\/2009\\\/09\\\/24\\\/camarao-no-coco-verde\\\/\"},\"author\":{\"name\":\"A Mesa Gastronomia\",\"@id\":\"http:\\\/\\\/amesa.com.br\\\/#\\\/schema\\\/person\\\/b5a9184f189ac6e108078bc92e4336fc\"},\"headline\":\"Camar\u00e3o no Coco Verde\",\"datePublished\":\"2009-09-25T00:16:50+00:00\",\"mainEntityOfPage\":{\"@id\":\"https:\\\/\\\/amesa.com.br\\\/index.php\\\/2009\\\/09\\\/24\\\/camarao-no-coco-verde\\\/\"},\"wordCount\":152,\"commentCount\":0,\"publisher\":{\"@id\":\"http:\\\/\\\/amesa.com.br\\\/#organization\"},\"keywords\":[\"arroz\",\"camar\u00e3o\",\"coco verde\",\"Frutos do Mar\",\"leite de coco\",\"manga\"],\"articleSection\":[\"Frutos do Mar\"],\"inLanguage\":\"pt-BR\"},{\"@type\":\"WebPage\",\"@id\":\"https:\\\/\\\/amesa.com.br\\\/index.php\\\/2009\\\/09\\\/24\\\/camarao-no-coco-verde\\\/\",\"url\":\"https:\\\/\\\/amesa.com.br\\\/index.php\\\/2009\\\/09\\\/24\\\/camarao-no-coco-verde\\\/\",\"name\":\"Camar\u00e3o no Coco Verde - \u00c0 Mesa\",\"isPartOf\":{\"@id\":\"http:\\\/\\\/amesa.com.br\\\/#website\"},\"datePublished\":\"2009-09-25T00:16:50+00:00\",\"breadcrumb\":{\"@id\":\"https:\\\/\\\/amesa.com.br\\\/index.php\\\/2009\\\/09\\\/24\\\/camarao-no-coco-verde\\\/#breadcrumb\"},\"inLanguage\":\"pt-BR\",\"potentialAction\":[{\"@type\":\"ReadAction\",\"target\":[\"https:\\\/\\\/amesa.com.br\\\/index.php\\\/2009\\\/09\\\/24\\\/camarao-no-coco-verde\\\/\"]}]},{\"@type\":\"BreadcrumbList\",\"@id\":\"https:\\\/\\\/amesa.com.br\\\/index.php\\\/2009\\\/09\\\/24\\\/camarao-no-coco-verde\\\/#breadcrumb\",\"itemListElement\":[{\"@type\":\"ListItem\",\"position\":1,\"name\":\"Home\",\"item\":\"http:\\\/\\\/amesa.com.br\\\/\"},{\"@type\":\"ListItem\",\"position\":2,\"name\":\"Camar\u00e3o no Coco Verde\"}]},{\"@type\":\"WebSite\",\"@id\":\"http:\\\/\\\/amesa.com.br\\\/#website\",\"url\":\"http:\\\/\\\/amesa.com.br\\\/\",\"name\":\"A Mesa Gastronomia\",\"description\":\"Culin\u00e1ria e Gastronomia\",\"publisher\":{\"@id\":\"http:\\\/\\\/amesa.com.br\\\/#organization\"},\"potentialAction\":[{\"@type\":\"SearchAction\",\"target\":{\"@type\":\"EntryPoint\",\"urlTemplate\":\"http:\\\/\\\/amesa.com.br\\\/?s={search_term_string}\"},\"query-input\":{\"@type\":\"PropertyValueSpecification\",\"valueRequired\":true,\"valueName\":\"search_term_string\"}}],\"inLanguage\":\"pt-BR\"},{\"@type\":\"Organization\",\"@id\":\"http:\\\/\\\/amesa.com.br\\\/#organization\",\"name\":\"A Mesa Gastronomia\",\"url\":\"http:\\\/\\\/amesa.com.br\\\/\",\"logo\":{\"@type\":\"ImageObject\",\"inLanguage\":\"pt-BR\",\"@id\":\"http:\\\/\\\/amesa.com.br\\\/#\\\/schema\\\/logo\\\/image\\\/\",\"url\":\"https:\\\/\\\/amesa.com.br\\\/wp-content\\\/uploads\\\/2025\\\/06\\\/cropped-logo_ams.png\",\"contentUrl\":\"https:\\\/\\\/amesa.com.br\\\/wp-content\\\/uploads\\\/2025\\\/06\\\/cropped-logo_ams.png\",\"width\":277,\"height\":92,\"caption\":\"A Mesa Gastronomia\"},\"image\":{\"@id\":\"http:\\\/\\\/amesa.com.br\\\/#\\\/schema\\\/logo\\\/image\\\/\"},\"sameAs\":[\"https:\\\/\\\/www.facebook.com\\\/amesagastronomia\",\"https:\\\/\\\/x.com\\\/siteamesa\"]},{\"@type\":\"Person\",\"@id\":\"http:\\\/\\\/amesa.com.br\\\/#\\\/schema\\\/person\\\/b5a9184f189ac6e108078bc92e4336fc\",\"name\":\"A Mesa Gastronomia\",\"image\":{\"@type\":\"ImageObject\",\"inLanguage\":\"pt-BR\",\"@id\":\"https:\\\/\\\/secure.gravatar.com\\\/avatar\\\/6bdf2e9b5e2a2cc6d728647c78ec0c48a670cf6d3e8fe09f51ee5a31f429a5c5?s=96&d=mm&r=g\",\"url\":\"https:\\\/\\\/secure.gravatar.com\\\/avatar\\\/6bdf2e9b5e2a2cc6d728647c78ec0c48a670cf6d3e8fe09f51ee5a31f429a5c5?s=96&d=mm&r=g\",\"contentUrl\":\"https:\\\/\\\/secure.gravatar.com\\\/avatar\\\/6bdf2e9b5e2a2cc6d728647c78ec0c48a670cf6d3e8fe09f51ee5a31f429a5c5?s=96&d=mm&r=g\",\"caption\":\"A Mesa Gastronomia\"},\"sameAs\":[\"https:\\\/\\\/www.facebook.com\\\/amesagastronomia\",\"https:\\\/\\\/x.com\\\/https:\\\/\\\/twitter.com\\\/siteamesa\",\"https:\\\/\\\/www.youtube.com\\\/trivialvariado\"],\"url\":\"https:\\\/\\\/amesa.com.br\\\/index.php\\\/author\\\/mmd\\\/\"}]}<\/script>\n<!-- \/ Yoast SEO plugin. -->","yoast_head_json":{"title":"Camar\u00e3o no Coco Verde - \u00c0 Mesa","robots":{"index":"index","follow":"follow","max-snippet":"max-snippet:-1","max-image-preview":"max-image-preview:large","max-video-preview":"max-video-preview:-1"},"canonical":"https:\/\/amesa.com.br\/index.php\/2009\/09\/24\/camarao-no-coco-verde\/","og_locale":"pt_BR","og_type":"article","og_title":"Camar\u00e3o no Coco Verde - \u00c0 Mesa","og_description":"Ingredientes 1\/2 kg de camar\u00f5es rosa m\u00e9dios limpos 1 coco verde 1 lim\u00e3o 1 colher (sopa) de manteiga 2 colheres (sopa) de leite de coco 2 colheres (sopa) de farinha de trigo sal, salsa e pimenta vermelha a gosto 4 x\u00edcara (ch\u00e1) de arroz branco cozido 1 manga cortada em cubos 1 colher (sopa) de &hellip;","og_url":"https:\/\/amesa.com.br\/index.php\/2009\/09\/24\/camarao-no-coco-verde\/","og_site_name":"\u00c0 Mesa","article_publisher":"https:\/\/www.facebook.com\/amesagastronomia","article_author":"https:\/\/www.facebook.com\/amesagastronomia","article_published_time":"2009-09-25T00:16:50+00:00","author":"A Mesa Gastronomia","twitter_card":"summary_large_image","twitter_creator":"@https:\/\/twitter.com\/siteamesa","twitter_site":"@siteamesa","twitter_misc":{"Escrito por":"A Mesa Gastronomia","Est. tempo de leitura":"1 minuto"},"schema":{"@context":"https:\/\/schema.org","@graph":[{"@type":"Article","@id":"https:\/\/amesa.com.br\/index.php\/2009\/09\/24\/camarao-no-coco-verde\/#article","isPartOf":{"@id":"https:\/\/amesa.com.br\/index.php\/2009\/09\/24\/camarao-no-coco-verde\/"},"author":{"name":"A Mesa Gastronomia","@id":"http:\/\/amesa.com.br\/#\/schema\/person\/b5a9184f189ac6e108078bc92e4336fc"},"headline":"Camar\u00e3o no Coco Verde","datePublished":"2009-09-25T00:16:50+00:00","mainEntityOfPage":{"@id":"https:\/\/amesa.com.br\/index.php\/2009\/09\/24\/camarao-no-coco-verde\/"},"wordCount":152,"commentCount":0,"publisher":{"@id":"http:\/\/amesa.com.br\/#organization"},"keywords":["arroz","camar\u00e3o","coco verde","Frutos do Mar","leite de coco","manga"],"articleSection":["Frutos do Mar"],"inLanguage":"pt-BR"},{"@type":"WebPage","@id":"https:\/\/amesa.com.br\/index.php\/2009\/09\/24\/camarao-no-coco-verde\/","url":"https:\/\/amesa.com.br\/index.php\/2009\/09\/24\/camarao-no-coco-verde\/","name":"Camar\u00e3o no Coco Verde - \u00c0 Mesa","isPartOf":{"@id":"http:\/\/amesa.com.br\/#website"},"datePublished":"2009-09-25T00:16:50+00:00","breadcrumb":{"@id":"https:\/\/amesa.com.br\/index.php\/2009\/09\/24\/camarao-no-coco-verde\/#breadcrumb"},"inLanguage":"pt-BR","potentialAction":[{"@type":"ReadAction","target":["https:\/\/amesa.com.br\/index.php\/2009\/09\/24\/camarao-no-coco-verde\/"]}]},{"@type":"BreadcrumbList","@id":"https:\/\/amesa.com.br\/index.php\/2009\/09\/24\/camarao-no-coco-verde\/#breadcrumb","itemListElement":[{"@type":"ListItem","position":1,"name":"Home","item":"http:\/\/amesa.com.br\/"},{"@type":"ListItem","position":2,"name":"Camar\u00e3o no Coco Verde"}]},{"@type":"WebSite","@id":"http:\/\/amesa.com.br\/#website","url":"http:\/\/amesa.com.br\/","name":"A Mesa Gastronomia","description":"Culin\u00e1ria e Gastronomia","publisher":{"@id":"http:\/\/amesa.com.br\/#organization"},"potentialAction":[{"@type":"SearchAction","target":{"@type":"EntryPoint","urlTemplate":"http:\/\/amesa.com.br\/?s={search_term_string}"},"query-input":{"@type":"PropertyValueSpecification","valueRequired":true,"valueName":"search_term_string"}}],"inLanguage":"pt-BR"},{"@type":"Organization","@id":"http:\/\/amesa.com.br\/#organization","name":"A Mesa Gastronomia","url":"http:\/\/amesa.com.br\/","logo":{"@type":"ImageObject","inLanguage":"pt-BR","@id":"http:\/\/amesa.com.br\/#\/schema\/logo\/image\/","url":"https:\/\/amesa.com.br\/wp-content\/uploads\/2025\/06\/cropped-logo_ams.png","contentUrl":"https:\/\/amesa.com.br\/wp-content\/uploads\/2025\/06\/cropped-logo_ams.png","width":277,"height":92,"caption":"A Mesa Gastronomia"},"image":{"@id":"http:\/\/amesa.com.br\/#\/schema\/logo\/image\/"},"sameAs":["https:\/\/www.facebook.com\/amesagastronomia","https:\/\/x.com\/siteamesa"]},{"@type":"Person","@id":"http:\/\/amesa.com.br\/#\/schema\/person\/b5a9184f189ac6e108078bc92e4336fc","name":"A Mesa Gastronomia","image":{"@type":"ImageObject","inLanguage":"pt-BR","@id":"https:\/\/secure.gravatar.com\/avatar\/6bdf2e9b5e2a2cc6d728647c78ec0c48a670cf6d3e8fe09f51ee5a31f429a5c5?s=96&d=mm&r=g","url":"https:\/\/secure.gravatar.com\/avatar\/6bdf2e9b5e2a2cc6d728647c78ec0c48a670cf6d3e8fe09f51ee5a31f429a5c5?s=96&d=mm&r=g","contentUrl":"https:\/\/secure.gravatar.com\/avatar\/6bdf2e9b5e2a2cc6d728647c78ec0c48a670cf6d3e8fe09f51ee5a31f429a5c5?s=96&d=mm&r=g","caption":"A Mesa Gastronomia"},"sameAs":["https:\/\/www.facebook.com\/amesagastronomia","https:\/\/x.com\/https:\/\/twitter.com\/siteamesa","https:\/\/www.youtube.com\/trivialvariado"],"url":"https:\/\/amesa.com.br\/index.php\/author\/mmd\/"}]}},"_links":{"self":[{"href":"https:\/\/amesa.com.br\/index.php\/wp-json\/wp\/v2\/posts\/306","targetHints":{"allow":["GET"]}}],"collection":[{"href":"https:\/\/amesa.com.br\/index.php\/wp-json\/wp\/v2\/posts"}],"about":[{"href":"https:\/\/amesa.com.br\/index.php\/wp-json\/wp\/v2\/types\/post"}],"author":[{"embeddable":true,"href":"https:\/\/amesa.com.br\/index.php\/wp-json\/wp\/v2\/users\/2"}],"replies":[{"embeddable":true,"href":"https:\/\/amesa.com.br\/index.php\/wp-json\/wp\/v2\/comments?post=306"}],"version-history":[{"count":0,"href":"https:\/\/amesa.com.br\/index.php\/wp-json\/wp\/v2\/posts\/306\/revisions"}],"wp:attachment":[{"href":"https:\/\/amesa.com.br\/index.php\/wp-json\/wp\/v2\/media?parent=306"}],"wp:term":[{"taxonomy":"category","embeddable":true,"href":"https:\/\/amesa.com.br\/index.php\/wp-json\/wp\/v2\/categories?post=306"},{"taxonomy":"post_tag","embeddable":true,"href":"https:\/\/amesa.com.br\/index.php\/wp-json\/wp\/v2\/tags?post=306"}],"curies":[{"name":"wp","href":"https:\/\/api.w.org\/{rel}","templated":true}]}}