{"id":79,"date":"2009-09-20T20:53:30","date_gmt":"2009-09-20T23:53:30","guid":{"rendered":"http:\/\/agenciaguia.com.br\/testeblog\/?p=79"},"modified":"2009-09-20T20:53:30","modified_gmt":"2009-09-20T23:53:30","slug":"frango-doce","status":"publish","type":"post","link":"https:\/\/amesa.com.br\/index.php\/2009\/09\/20\/frango-doce\/","title":{"rendered":"Frango Doce"},"content":{"rendered":"<p style=\"text-align: justify;\"><strong>Ingredientes<\/strong><\/p>\n<ul style=\"text-align: justify;\">\n<li>1 frango cortado em quatro<\/li>\n<li>1\/4 x\u00edcara (ch\u00e1) de maionese<\/li>\n<li>2 colheres (sopa) de sopa de cebola<\/li>\n<li>3 colheres (sopa) de ketchup<\/li>\n<li>2 colheres (sopa) de mostarda<\/li>\n<li>3 colheres (sopa) de suco de lim\u00e3o<\/li>\n<li>1\/2 x\u00edcara (ch\u00e1) de gel\u00e9ia de p\u00eassego<\/li>\n<\/ul>\n<p style=\"text-align: justify;\"><strong>Modo de Preparar<\/strong><\/p>\n<p style=\"text-align: justify;\">Coloque os peda\u00e7os de frango em uma tigela oval com as partes mais espessas voltadas para as bordas do recipiente. Em uma tigela \u00e0 parte, misture bem os ingredientes restantes. Regue o frango com o molho. Coloque no microondas em temperatura forte por 24 minutos.<\/p>\n<p style=\"text-align: justify;\"><em>Rendimento: 4 por\u00e7\u00f5es <\/em><\/p>\n","protected":false},"excerpt":{"rendered":"<p>Ingredientes 1 frango cortado em quatro 1\/4 x\u00edcara (ch\u00e1) de maionese 2 colheres (sopa) de sopa de cebola 3 colheres (sopa) de ketchup 2 colheres (sopa) de mostarda 3 colheres (sopa) de suco de lim\u00e3o 1\/2 x\u00edcara (ch\u00e1) de gel\u00e9ia de p\u00eassego Modo de Preparar Coloque os peda\u00e7os de frango em uma tigela oval com &hellip; <\/p>\n","protected":false},"author":2,"featured_media":0,"comment_status":"open","ping_status":"open","sticky":false,"template":"","format":"standard","meta":{"wprm-recipe-roundup-name":"","wprm-recipe-roundup-description":"","footnotes":""},"categories":[22],"tags":[355,373,403,436,481,548,643],"class_list":["post-79","post","type-post","status-publish","format-standard","hentry","category-aves","tag-frango","tag-geleia","tag-ketchup","tag-maionese","tag-mostarda","tag-pessego","tag-sopa-de-cebola","entry"],"yoast_head":"<!-- This site is optimized with the Yoast SEO plugin v27.4 - https:\/\/yoast.com\/product\/yoast-seo-wordpress\/ -->\n<title>Frango Doce - \u00c0 Mesa<\/title>\n<meta name=\"robots\" content=\"index, follow, max-snippet:-1, max-image-preview:large, max-video-preview:-1\" \/>\n<link rel=\"canonical\" href=\"https:\/\/amesa.com.br\/index.php\/2009\/09\/20\/frango-doce\/\" \/>\n<meta property=\"og:locale\" content=\"pt_BR\" \/>\n<meta property=\"og:type\" content=\"article\" \/>\n<meta property=\"og:title\" content=\"Frango Doce - \u00c0 Mesa\" \/>\n<meta property=\"og:description\" content=\"Ingredientes 1 frango cortado em quatro 1\/4 x\u00edcara (ch\u00e1) de maionese 2 colheres (sopa) de sopa de cebola 3 colheres (sopa) de ketchup 2 colheres (sopa) de mostarda 3 colheres (sopa) de suco de lim\u00e3o 1\/2 x\u00edcara (ch\u00e1) de gel\u00e9ia de p\u00eassego Modo de Preparar Coloque os peda\u00e7os de frango em uma tigela oval com &hellip;\" \/>\n<meta property=\"og:url\" content=\"https:\/\/amesa.com.br\/index.php\/2009\/09\/20\/frango-doce\/\" \/>\n<meta property=\"og:site_name\" content=\"\u00c0 Mesa\" \/>\n<meta property=\"article:publisher\" content=\"https:\/\/www.facebook.com\/amesagastronomia\" \/>\n<meta property=\"article:author\" content=\"https:\/\/www.facebook.com\/amesagastronomia\" \/>\n<meta property=\"article:published_time\" content=\"2009-09-20T23:53:30+00:00\" \/>\n<meta name=\"author\" content=\"A Mesa Gastronomia\" \/>\n<meta name=\"twitter:card\" content=\"summary_large_image\" \/>\n<meta name=\"twitter:creator\" content=\"@https:\/\/twitter.com\/siteamesa\" \/>\n<meta name=\"twitter:site\" content=\"@siteamesa\" \/>\n<meta name=\"twitter:label1\" content=\"Escrito por\" \/>\n\t<meta name=\"twitter:data1\" content=\"A Mesa Gastronomia\" \/>\n<script type=\"application\/ld+json\" class=\"yoast-schema-graph\">{\"@context\":\"https:\\\/\\\/schema.org\",\"@graph\":[{\"@type\":\"Article\",\"@id\":\"https:\\\/\\\/amesa.com.br\\\/index.php\\\/2009\\\/09\\\/20\\\/frango-doce\\\/#article\",\"isPartOf\":{\"@id\":\"https:\\\/\\\/amesa.com.br\\\/index.php\\\/2009\\\/09\\\/20\\\/frango-doce\\\/\"},\"author\":{\"name\":\"A Mesa Gastronomia\",\"@id\":\"http:\\\/\\\/amesa.com.br\\\/#\\\/schema\\\/person\\\/b5a9184f189ac6e108078bc92e4336fc\"},\"headline\":\"Frango Doce\",\"datePublished\":\"2009-09-20T23:53:30+00:00\",\"mainEntityOfPage\":{\"@id\":\"https:\\\/\\\/amesa.com.br\\\/index.php\\\/2009\\\/09\\\/20\\\/frango-doce\\\/\"},\"wordCount\":92,\"commentCount\":0,\"publisher\":{\"@id\":\"http:\\\/\\\/amesa.com.br\\\/#organization\"},\"keywords\":[\"frango\",\"gel\u00e9ia\",\"ketchup\",\"maionese\",\"mostarda\",\"p\u00eassego\",\"sopa de cebola\"],\"articleSection\":[\"Aves\"],\"inLanguage\":\"pt-BR\"},{\"@type\":\"WebPage\",\"@id\":\"https:\\\/\\\/amesa.com.br\\\/index.php\\\/2009\\\/09\\\/20\\\/frango-doce\\\/\",\"url\":\"https:\\\/\\\/amesa.com.br\\\/index.php\\\/2009\\\/09\\\/20\\\/frango-doce\\\/\",\"name\":\"Frango Doce - \u00c0 Mesa\",\"isPartOf\":{\"@id\":\"http:\\\/\\\/amesa.com.br\\\/#website\"},\"datePublished\":\"2009-09-20T23:53:30+00:00\",\"breadcrumb\":{\"@id\":\"https:\\\/\\\/amesa.com.br\\\/index.php\\\/2009\\\/09\\\/20\\\/frango-doce\\\/#breadcrumb\"},\"inLanguage\":\"pt-BR\",\"potentialAction\":[{\"@type\":\"ReadAction\",\"target\":[\"https:\\\/\\\/amesa.com.br\\\/index.php\\\/2009\\\/09\\\/20\\\/frango-doce\\\/\"]}]},{\"@type\":\"BreadcrumbList\",\"@id\":\"https:\\\/\\\/amesa.com.br\\\/index.php\\\/2009\\\/09\\\/20\\\/frango-doce\\\/#breadcrumb\",\"itemListElement\":[{\"@type\":\"ListItem\",\"position\":1,\"name\":\"Home\",\"item\":\"http:\\\/\\\/amesa.com.br\\\/\"},{\"@type\":\"ListItem\",\"position\":2,\"name\":\"Frango Doce\"}]},{\"@type\":\"WebSite\",\"@id\":\"http:\\\/\\\/amesa.com.br\\\/#website\",\"url\":\"http:\\\/\\\/amesa.com.br\\\/\",\"name\":\"A Mesa Gastronomia\",\"description\":\"Culin\u00e1ria e Gastronomia\",\"publisher\":{\"@id\":\"http:\\\/\\\/amesa.com.br\\\/#organization\"},\"potentialAction\":[{\"@type\":\"SearchAction\",\"target\":{\"@type\":\"EntryPoint\",\"urlTemplate\":\"http:\\\/\\\/amesa.com.br\\\/?s={search_term_string}\"},\"query-input\":{\"@type\":\"PropertyValueSpecification\",\"valueRequired\":true,\"valueName\":\"search_term_string\"}}],\"inLanguage\":\"pt-BR\"},{\"@type\":\"Organization\",\"@id\":\"http:\\\/\\\/amesa.com.br\\\/#organization\",\"name\":\"A Mesa Gastronomia\",\"url\":\"http:\\\/\\\/amesa.com.br\\\/\",\"logo\":{\"@type\":\"ImageObject\",\"inLanguage\":\"pt-BR\",\"@id\":\"http:\\\/\\\/amesa.com.br\\\/#\\\/schema\\\/logo\\\/image\\\/\",\"url\":\"https:\\\/\\\/amesa.com.br\\\/wp-content\\\/uploads\\\/2025\\\/06\\\/cropped-logo_ams.png\",\"contentUrl\":\"https:\\\/\\\/amesa.com.br\\\/wp-content\\\/uploads\\\/2025\\\/06\\\/cropped-logo_ams.png\",\"width\":277,\"height\":92,\"caption\":\"A Mesa Gastronomia\"},\"image\":{\"@id\":\"http:\\\/\\\/amesa.com.br\\\/#\\\/schema\\\/logo\\\/image\\\/\"},\"sameAs\":[\"https:\\\/\\\/www.facebook.com\\\/amesagastronomia\",\"https:\\\/\\\/x.com\\\/siteamesa\"]},{\"@type\":\"Person\",\"@id\":\"http:\\\/\\\/amesa.com.br\\\/#\\\/schema\\\/person\\\/b5a9184f189ac6e108078bc92e4336fc\",\"name\":\"A Mesa Gastronomia\",\"image\":{\"@type\":\"ImageObject\",\"inLanguage\":\"pt-BR\",\"@id\":\"https:\\\/\\\/secure.gravatar.com\\\/avatar\\\/6bdf2e9b5e2a2cc6d728647c78ec0c48a670cf6d3e8fe09f51ee5a31f429a5c5?s=96&d=mm&r=g\",\"url\":\"https:\\\/\\\/secure.gravatar.com\\\/avatar\\\/6bdf2e9b5e2a2cc6d728647c78ec0c48a670cf6d3e8fe09f51ee5a31f429a5c5?s=96&d=mm&r=g\",\"contentUrl\":\"https:\\\/\\\/secure.gravatar.com\\\/avatar\\\/6bdf2e9b5e2a2cc6d728647c78ec0c48a670cf6d3e8fe09f51ee5a31f429a5c5?s=96&d=mm&r=g\",\"caption\":\"A Mesa Gastronomia\"},\"sameAs\":[\"https:\\\/\\\/www.facebook.com\\\/amesagastronomia\",\"https:\\\/\\\/x.com\\\/https:\\\/\\\/twitter.com\\\/siteamesa\",\"https:\\\/\\\/www.youtube.com\\\/trivialvariado\"],\"url\":\"https:\\\/\\\/amesa.com.br\\\/index.php\\\/author\\\/mmd\\\/\"}]}<\/script>\n<!-- \/ Yoast SEO plugin. -->","yoast_head_json":{"title":"Frango Doce - \u00c0 Mesa","robots":{"index":"index","follow":"follow","max-snippet":"max-snippet:-1","max-image-preview":"max-image-preview:large","max-video-preview":"max-video-preview:-1"},"canonical":"https:\/\/amesa.com.br\/index.php\/2009\/09\/20\/frango-doce\/","og_locale":"pt_BR","og_type":"article","og_title":"Frango Doce - \u00c0 Mesa","og_description":"Ingredientes 1 frango cortado em quatro 1\/4 x\u00edcara (ch\u00e1) de maionese 2 colheres (sopa) de sopa de cebola 3 colheres (sopa) de ketchup 2 colheres (sopa) de mostarda 3 colheres (sopa) de suco de lim\u00e3o 1\/2 x\u00edcara (ch\u00e1) de gel\u00e9ia de p\u00eassego Modo de Preparar Coloque os peda\u00e7os de frango em uma tigela oval com &hellip;","og_url":"https:\/\/amesa.com.br\/index.php\/2009\/09\/20\/frango-doce\/","og_site_name":"\u00c0 Mesa","article_publisher":"https:\/\/www.facebook.com\/amesagastronomia","article_author":"https:\/\/www.facebook.com\/amesagastronomia","article_published_time":"2009-09-20T23:53:30+00:00","author":"A Mesa Gastronomia","twitter_card":"summary_large_image","twitter_creator":"@https:\/\/twitter.com\/siteamesa","twitter_site":"@siteamesa","twitter_misc":{"Escrito por":"A Mesa Gastronomia"},"schema":{"@context":"https:\/\/schema.org","@graph":[{"@type":"Article","@id":"https:\/\/amesa.com.br\/index.php\/2009\/09\/20\/frango-doce\/#article","isPartOf":{"@id":"https:\/\/amesa.com.br\/index.php\/2009\/09\/20\/frango-doce\/"},"author":{"name":"A Mesa Gastronomia","@id":"http:\/\/amesa.com.br\/#\/schema\/person\/b5a9184f189ac6e108078bc92e4336fc"},"headline":"Frango Doce","datePublished":"2009-09-20T23:53:30+00:00","mainEntityOfPage":{"@id":"https:\/\/amesa.com.br\/index.php\/2009\/09\/20\/frango-doce\/"},"wordCount":92,"commentCount":0,"publisher":{"@id":"http:\/\/amesa.com.br\/#organization"},"keywords":["frango","gel\u00e9ia","ketchup","maionese","mostarda","p\u00eassego","sopa de cebola"],"articleSection":["Aves"],"inLanguage":"pt-BR"},{"@type":"WebPage","@id":"https:\/\/amesa.com.br\/index.php\/2009\/09\/20\/frango-doce\/","url":"https:\/\/amesa.com.br\/index.php\/2009\/09\/20\/frango-doce\/","name":"Frango Doce - \u00c0 Mesa","isPartOf":{"@id":"http:\/\/amesa.com.br\/#website"},"datePublished":"2009-09-20T23:53:30+00:00","breadcrumb":{"@id":"https:\/\/amesa.com.br\/index.php\/2009\/09\/20\/frango-doce\/#breadcrumb"},"inLanguage":"pt-BR","potentialAction":[{"@type":"ReadAction","target":["https:\/\/amesa.com.br\/index.php\/2009\/09\/20\/frango-doce\/"]}]},{"@type":"BreadcrumbList","@id":"https:\/\/amesa.com.br\/index.php\/2009\/09\/20\/frango-doce\/#breadcrumb","itemListElement":[{"@type":"ListItem","position":1,"name":"Home","item":"http:\/\/amesa.com.br\/"},{"@type":"ListItem","position":2,"name":"Frango Doce"}]},{"@type":"WebSite","@id":"http:\/\/amesa.com.br\/#website","url":"http:\/\/amesa.com.br\/","name":"A Mesa Gastronomia","description":"Culin\u00e1ria e Gastronomia","publisher":{"@id":"http:\/\/amesa.com.br\/#organization"},"potentialAction":[{"@type":"SearchAction","target":{"@type":"EntryPoint","urlTemplate":"http:\/\/amesa.com.br\/?s={search_term_string}"},"query-input":{"@type":"PropertyValueSpecification","valueRequired":true,"valueName":"search_term_string"}}],"inLanguage":"pt-BR"},{"@type":"Organization","@id":"http:\/\/amesa.com.br\/#organization","name":"A Mesa Gastronomia","url":"http:\/\/amesa.com.br\/","logo":{"@type":"ImageObject","inLanguage":"pt-BR","@id":"http:\/\/amesa.com.br\/#\/schema\/logo\/image\/","url":"https:\/\/amesa.com.br\/wp-content\/uploads\/2025\/06\/cropped-logo_ams.png","contentUrl":"https:\/\/amesa.com.br\/wp-content\/uploads\/2025\/06\/cropped-logo_ams.png","width":277,"height":92,"caption":"A Mesa Gastronomia"},"image":{"@id":"http:\/\/amesa.com.br\/#\/schema\/logo\/image\/"},"sameAs":["https:\/\/www.facebook.com\/amesagastronomia","https:\/\/x.com\/siteamesa"]},{"@type":"Person","@id":"http:\/\/amesa.com.br\/#\/schema\/person\/b5a9184f189ac6e108078bc92e4336fc","name":"A Mesa Gastronomia","image":{"@type":"ImageObject","inLanguage":"pt-BR","@id":"https:\/\/secure.gravatar.com\/avatar\/6bdf2e9b5e2a2cc6d728647c78ec0c48a670cf6d3e8fe09f51ee5a31f429a5c5?s=96&d=mm&r=g","url":"https:\/\/secure.gravatar.com\/avatar\/6bdf2e9b5e2a2cc6d728647c78ec0c48a670cf6d3e8fe09f51ee5a31f429a5c5?s=96&d=mm&r=g","contentUrl":"https:\/\/secure.gravatar.com\/avatar\/6bdf2e9b5e2a2cc6d728647c78ec0c48a670cf6d3e8fe09f51ee5a31f429a5c5?s=96&d=mm&r=g","caption":"A Mesa Gastronomia"},"sameAs":["https:\/\/www.facebook.com\/amesagastronomia","https:\/\/x.com\/https:\/\/twitter.com\/siteamesa","https:\/\/www.youtube.com\/trivialvariado"],"url":"https:\/\/amesa.com.br\/index.php\/author\/mmd\/"}]}},"_links":{"self":[{"href":"https:\/\/amesa.com.br\/index.php\/wp-json\/wp\/v2\/posts\/79","targetHints":{"allow":["GET"]}}],"collection":[{"href":"https:\/\/amesa.com.br\/index.php\/wp-json\/wp\/v2\/posts"}],"about":[{"href":"https:\/\/amesa.com.br\/index.php\/wp-json\/wp\/v2\/types\/post"}],"author":[{"embeddable":true,"href":"https:\/\/amesa.com.br\/index.php\/wp-json\/wp\/v2\/users\/2"}],"replies":[{"embeddable":true,"href":"https:\/\/amesa.com.br\/index.php\/wp-json\/wp\/v2\/comments?post=79"}],"version-history":[{"count":0,"href":"https:\/\/amesa.com.br\/index.php\/wp-json\/wp\/v2\/posts\/79\/revisions"}],"wp:attachment":[{"href":"https:\/\/amesa.com.br\/index.php\/wp-json\/wp\/v2\/media?parent=79"}],"wp:term":[{"taxonomy":"category","embeddable":true,"href":"https:\/\/amesa.com.br\/index.php\/wp-json\/wp\/v2\/categories?post=79"},{"taxonomy":"post_tag","embeddable":true,"href":"https:\/\/amesa.com.br\/index.php\/wp-json\/wp\/v2\/tags?post=79"}],"curies":[{"name":"wp","href":"https:\/\/api.w.org\/{rel}","templated":true}]}}